{"id":515,"date":"2021-12-09T16:19:48","date_gmt":"2021-12-09T15:19:48","guid":{"rendered":"https:\/\/impfstreik.compact-online.de\/?p=515"},"modified":"2021-12-10T15:09:40","modified_gmt":"2021-12-10T14:09:40","slug":"zur-rechtslage","status":"publish","type":"post","link":"https:\/\/impfstreik.compact-online.de\/?p=515","title":{"rendered":"Zur Rechtslage"},"content":{"rendered":"\t\t<div data-elementor-type=\"wp-post\" data-elementor-id=\"515\" class=\"elementor elementor-515\">\n\t\t\t\t\t\t<section class=\"elementor-section elementor-top-section elementor-element elementor-element-18e714c elementor-section-boxed elementor-section-height-default elementor-section-height-default\" data-id=\"18e714c\" data-element_type=\"section\" data-e-type=\"section\">\n\t\t\t\t\t\t<div class=\"elementor-container elementor-column-gap-default\">\n\t\t\t\t\t<div class=\"elementor-column elementor-col-100 elementor-top-column elementor-element elementor-element-f0cdd06\" data-id=\"f0cdd06\" data-element_type=\"column\" data-e-type=\"column\">\n\t\t\t<div class=\"elementor-widget-wrap\">\n\t\t\t\t\t\t\t<\/div>\n\t\t<\/div>\n\t\t\t\t\t<\/div>\n\t\t<\/section>\n\t\t\t\t<section class=\"elementor-section elementor-top-section elementor-element elementor-element-3ad52740 elementor-section-boxed elementor-section-height-default elementor-section-height-default\" data-id=\"3ad52740\" data-element_type=\"section\" data-e-type=\"section\">\n\t\t\t\t\t\t<div class=\"elementor-container elementor-column-gap-default\">\n\t\t\t\t\t<div class=\"elementor-column elementor-col-100 elementor-top-column elementor-element elementor-element-65107638\" data-id=\"65107638\" data-element_type=\"column\" data-e-type=\"column\">\n\t\t\t<div class=\"elementor-widget-wrap elementor-element-populated\">\n\t\t\t\t\t\t<div class=\"elementor-element elementor-element-4e12fa35 elementor-invisible elementor-widget elementor-widget-image\" data-id=\"4e12fa35\" data-element_type=\"widget\" data-e-type=\"widget\" data-settings=\"{&quot;_animation&quot;:&quot;bounceIn&quot;}\" data-widget_type=\"image.default\">\n\t\t\t\t<div class=\"elementor-widget-container\">\n\t\t\t\t\t\t\t\t\t\t\t\t\t\t\t<img fetchpriority=\"high\" decoding=\"async\" width=\"750\" height=\"338\" src=\"https:\/\/impfstreik.compact-online.de\/wp-content\/uploads\/2021\/12\/logo_impfstreik2-1024x461.png\" class=\"attachment-large size-large wp-image-278\" alt=\"\" srcset=\"https:\/\/impfstreik.compact-online.de\/wp-content\/uploads\/2021\/12\/logo_impfstreik2-1024x461.png 1024w, https:\/\/impfstreik.compact-online.de\/wp-content\/uploads\/2021\/12\/logo_impfstreik2-300x135.png 300w, https:\/\/impfstreik.compact-online.de\/wp-content\/uploads\/2021\/12\/logo_impfstreik2-768x346.png 768w, https:\/\/impfstreik.compact-online.de\/wp-content\/uploads\/2021\/12\/logo_impfstreik2-1536x691.png 1536w, https:\/\/impfstreik.compact-online.de\/wp-content\/uploads\/2021\/12\/logo_impfstreik2-1568x706.png 1568w, https:\/\/impfstreik.compact-online.de\/wp-content\/uploads\/2021\/12\/logo_impfstreik2.png 2000w\" sizes=\"(max-width: 750px) 100vw, 750px\" style=\"width:100%;height:45%;max-width:2000px\" \/>\t\t\t\t\t\t\t\t\t\t\t\t\t\t\t<\/div>\n\t\t\t\t<\/div>\n\t\t\t\t\t<\/div>\n\t\t<\/div>\n\t\t\t\t\t<\/div>\n\t\t<\/section>\n\t\t\t\t<section class=\"elementor-section elementor-top-section elementor-element elementor-element-52fb509f elementor-section-boxed elementor-section-height-default elementor-section-height-default\" data-id=\"52fb509f\" data-element_type=\"section\" data-e-type=\"section\">\n\t\t\t\t\t\t<div class=\"elementor-container elementor-column-gap-default\">\n\t\t\t\t\t<div class=\"elementor-column elementor-col-100 elementor-top-column elementor-element elementor-element-3dbdf222\" data-id=\"3dbdf222\" data-element_type=\"column\" data-e-type=\"column\">\n\t\t\t<div class=\"elementor-widget-wrap elementor-element-populated\">\n\t\t\t\t\t\t<div class=\"elementor-element elementor-element-45e9d878 elementor-widget-divider--view-line elementor-invisible elementor-widget elementor-widget-divider\" data-id=\"45e9d878\" data-element_type=\"widget\" data-e-type=\"widget\" data-settings=\"{&quot;_animation&quot;:&quot;fadeIn&quot;,&quot;_animation_delay&quot;:300}\" data-widget_type=\"divider.default\">\n\t\t\t\t<div class=\"elementor-widget-container\">\n\t\t\t\t\t\t\t<div class=\"elementor-divider\">\n\t\t\t<span class=\"elementor-divider-separator\">\n\t\t\t\t\t\t<\/span>\n\t\t<\/div>\n\t\t\t\t\t\t<\/div>\n\t\t\t\t<\/div>\n\t\t\t\t\t<\/div>\n\t\t<\/div>\n\t\t\t\t\t<\/div>\n\t\t<\/section>\n\t\t\t\t<section class=\"elementor-section elementor-top-section elementor-element elementor-element-12f7b70c elementor-section-boxed elementor-section-height-default elementor-section-height-default\" data-id=\"12f7b70c\" data-element_type=\"section\" data-e-type=\"section\">\n\t\t\t\t\t\t<div class=\"elementor-container elementor-column-gap-default\">\n\t\t\t\t\t<div class=\"elementor-column elementor-col-100 elementor-top-column elementor-element elementor-element-17b6efc4\" data-id=\"17b6efc4\" data-element_type=\"column\" data-e-type=\"column\">\n\t\t\t<div class=\"elementor-widget-wrap elementor-element-populated\">\n\t\t\t\t\t\t<div class=\"elementor-element elementor-element-1c0e5173 elementor-invisible elementor-widget elementor-widget-heading\" data-id=\"1c0e5173\" data-element_type=\"widget\" data-e-type=\"widget\" data-settings=\"{&quot;_animation&quot;:&quot;fadeIn&quot;,&quot;_animation_delay&quot;:600}\" data-widget_type=\"heading.default\">\n\t\t\t\t<div class=\"elementor-widget-container\">\n\t\t\t\t\t<h2 class=\"elementor-heading-title elementor-size-default\">Zur Rechtslage<\/h2>\t\t\t\t<\/div>\n\t\t\t\t<\/div>\n\t\t\t\t\t<\/div>\n\t\t<\/div>\n\t\t\t\t\t<\/div>\n\t\t<\/section>\n\t\t\t\t<section class=\"elementor-section elementor-top-section elementor-element elementor-element-3ea37a09 elementor-section-boxed elementor-section-height-default elementor-section-height-default\" data-id=\"3ea37a09\" data-element_type=\"section\" data-e-type=\"section\">\n\t\t\t\t\t\t<div class=\"elementor-container elementor-column-gap-default\">\n\t\t\t\t\t<div class=\"elementor-column elementor-col-100 elementor-top-column elementor-element elementor-element-53847fe2\" data-id=\"53847fe2\" data-element_type=\"column\" data-e-type=\"column\">\n\t\t\t<div class=\"elementor-widget-wrap elementor-element-populated\">\n\t\t\t\t\t\t<div class=\"elementor-element elementor-element-7de76ed4 elementor-widget-divider--view-line elementor-invisible elementor-widget elementor-widget-divider\" data-id=\"7de76ed4\" data-element_type=\"widget\" data-e-type=\"widget\" data-settings=\"{&quot;_animation&quot;:&quot;fadeIn&quot;,&quot;_animation_delay&quot;:900}\" data-widget_type=\"divider.default\">\n\t\t\t\t<div class=\"elementor-widget-container\">\n\t\t\t\t\t\t\t<div class=\"elementor-divider\">\n\t\t\t<span class=\"elementor-divider-separator\">\n\t\t\t\t\t\t<\/span>\n\t\t<\/div>\n\t\t\t\t\t\t<\/div>\n\t\t\t\t<\/div>\n\t\t\t\t\t<\/div>\n\t\t<\/div>\n\t\t\t\t\t<\/div>\n\t\t<\/section>\n\t\t\t\t<section class=\"elementor-section elementor-top-section elementor-element elementor-element-79722bca elementor-section-boxed elementor-section-height-default elementor-section-height-default\" data-id=\"79722bca\" data-element_type=\"section\" data-e-type=\"section\">\n\t\t\t\t\t\t<div class=\"elementor-container elementor-column-gap-default\">\n\t\t\t\t\t<div class=\"elementor-column elementor-col-33 elementor-top-column elementor-element elementor-element-68b5ade\" data-id=\"68b5ade\" data-element_type=\"column\" data-e-type=\"column\">\n\t\t\t<div class=\"elementor-widget-wrap\">\n\t\t\t\t\t\t\t<\/div>\n\t\t<\/div>\n\t\t\t\t<div class=\"elementor-column elementor-col-33 elementor-top-column elementor-element elementor-element-2052a5d2\" data-id=\"2052a5d2\" data-element_type=\"column\" data-e-type=\"column\">\n\t\t\t<div class=\"elementor-widget-wrap elementor-element-populated\">\n\t\t\t\t\t\t<div class=\"elementor-element elementor-element-5acb6ad3 elementor-invisible elementor-widget elementor-widget-text-editor\" data-id=\"5acb6ad3\" data-element_type=\"widget\" data-e-type=\"widget\" data-settings=\"{&quot;_animation&quot;:&quot;fadeIn&quot;,&quot;_animation_delay&quot;:1000}\" data-widget_type=\"text-editor.default\">\n\t\t\t\t<div class=\"elementor-widget-container\">\n\t\t\t\t\t\t\t\t\t<p><\/p>\n<p>Ein Impf-Streik w\u00e4re, \u00e4hnlich wie ein Generalstreik, ein politischer Streik. Dazu stellten die Wissenschaftlichen Dienste des Deutschen Bundestages 2006 fest:<\/p>\n<p>\u00abGrunds\u00e4tzlich ist der Streik zur Durchsetzung politischer Ziele (insbesondere, wenn er gegen gesetzgebende K\u00f6rperschaften gerichtet ist) nach herrschender Meinung unzul\u00e4ssig. Ein rechtlicher Schutz kann sich (\u2026) allenfalls als Aus\u00fcbung des Widerstandsrechts unter den Voraussetzungen des Art. 20 IV Grundgesetz ergeben.Voraussetzung ist, dass die verfassungsm\u00e4\u00dfige Ordnung bedroht ist. Bezug nehmend auf Art. 20 IV Grundgesetz bedeutet dies, dass ein Generalstreik nur gerechtfertigt sein kann, wenn die verfassungsm\u00e4\u00dfig berufenen Organe die \u00f6ffentliche Ordnung bei Gef\u00e4hrdung durch Dritte nicht aufrechterhalten oder wiederherstellen k\u00f6nnen oder sich die verfassungsm\u00e4\u00dfig berufenen Organe selbst von der grundgesetzlichen Ordnung abwenden.\u00bb (Wissenschaftliche Dienste des Deutschen Bundestages, \u00abGeneralstreik \u2013 Rechtliche Bedingungen und Streikkultur im Vergleich\u00bb, 2006)<\/p>\n<p>Demnach ist ein solcher Streik ausnahmsweise zul\u00e4ssig, \u00abwenn (\u2026) sich die verfassungsm\u00e4\u00dfig berufenen Organe selbst von der grundgesetzlichen Ordnung abwenden\u00bb. Dies d\u00fcrfte bei Einf\u00fchrung der Impfpflicht der Fall sein.<\/p>\n<p>\u00abWarum eine Impfpflicht gegen die Verfassung verst\u00f6\u00dft. (\u2026) In den Worten des fr\u00fcheren Verfassungsrichters Udo Di Fabio ist das Recht auf k\u00f6rperliche Unversehrtheit ein &#8222;deutliches Zeichen gegen die Gr\u00e4ueltaten des Nationalsozialismus, gegen die totalit\u00e4re Geringsch\u00e4tzung der Unversehrtheit von \u201aMenschenmaterial\u2018&#8220;. Die hohe Anerkennung dieses Grundrechts kommt nicht zuletzt in der Abschaffung von Folter und Leibesstrafen zum Ausdruck. Eingriffe in die K\u00f6rperintegrit\u00e4t weisen ein besonders hohes Gewicht auf, weil sie den Menschen in seiner intimen Leiblichkeit betreffen, die Grundvoraussetzung \u2013 \u201anat\u00fcrliche Basis\u2018 \u2013 f\u00fcr die Aus\u00fcbung anderer Freiheitsrechte ist.\u00bb (Frauke Rostalski, Professorin f\u00fcr Strafrecht an der Universit\u00e4t zu K\u00f6ln und Mitglied im Deutschen Ethikrat, <em>Welt<\/em>, 3.12.2021)<\/p>\n<p><\/p>\n<p><\/p>\n<p><\/p>\t\t\t\t\t\t\t\t<\/div>\n\t\t\t\t<\/div>\n\t\t\t\t\t<\/div>\n\t\t<\/div>\n\t\t\t\t<div class=\"elementor-column elementor-col-33 elementor-top-column elementor-element elementor-element-3be8443 elementor-hidden-tablet elementor-hidden-mobile\" data-id=\"3be8443\" data-element_type=\"column\" data-e-type=\"column\">\n\t\t\t<div class=\"elementor-widget-wrap elementor-element-populated\">\n\t\t\t\t\t\t<div class=\"elementor-element elementor-element-21b9030 elementor-invisible elementor-widget elementor-widget-image\" data-id=\"21b9030\" data-element_type=\"widget\" data-e-type=\"widget\" data-settings=\"{&quot;sticky&quot;:&quot;top&quot;,&quot;_animation&quot;:&quot;bounceIn&quot;,&quot;_animation_delay&quot;:1300,&quot;sticky_on&quot;:[&quot;desktop&quot;,&quot;tablet&quot;,&quot;mobile&quot;],&quot;sticky_offset&quot;:0,&quot;sticky_effects_offset&quot;:0}\" data-widget_type=\"image.default\">\n\t\t\t\t<div class=\"elementor-widget-container\">\n\t\t\t\t\t\t\t\t\t\t\t\t\t\t\t\t<a href=\"https:\/\/impfstreik.compact-online.de\/#eintragen\">\n\t\t\t\t\t\t\t<img decoding=\"async\" width=\"750\" height=\"429\" src=\"https:\/\/impfstreik.compact-online.de\/wp-content\/uploads\/2021\/12\/grafik_eintragen.png\" class=\"attachment-large size-large wp-image-369\" alt=\"\" srcset=\"https:\/\/impfstreik.compact-online.de\/wp-content\/uploads\/2021\/12\/grafik_eintragen.png 842w, https:\/\/impfstreik.compact-online.de\/wp-content\/uploads\/2021\/12\/grafik_eintragen-300x172.png 300w, https:\/\/impfstreik.compact-online.de\/wp-content\/uploads\/2021\/12\/grafik_eintragen-768x440.png 768w\" sizes=\"(max-width: 750px) 100vw, 750px\" style=\"width:100%;height:57.24%;max-width:842px\" \/>\t\t\t\t\t\t\t\t<\/a>\n\t\t\t\t\t\t\t\t\t\t\t\t\t\t\t<\/div>\n\t\t\t\t<\/div>\n\t\t\t\t\t<\/div>\n\t\t<\/div>\n\t\t\t\t\t<\/div>\n\t\t<\/section>\n\t\t\t\t<\/div>\n\t\t","protected":false},"excerpt":{"rendered":"<p>Zur Rechtslage Ein Impf-Streik w\u00e4re, \u00e4hnlich wie ein Generalstreik, ein politischer Streik. Dazu stellten die Wissenschaftlichen Dienste des Deutschen Bundestages 2006 fest: \u00abGrunds\u00e4tzlich ist der Streik zur Durchsetzung politischer Ziele (insbesondere, wenn er gegen gesetzgebende K\u00f6rperschaften gerichtet ist) nach herrschender Meinung unzul\u00e4ssig. Ein rechtlicher Schutz kann sich (\u2026) allenfalls als Aus\u00fcbung des Widerstandsrechts unter den&hellip; <a class=\"more-link\" href=\"https:\/\/impfstreik.compact-online.de\/?p=515\"><span class=\"screen-reader-text\">Zur Rechtslage<\/span> weiterlesen<\/a><\/p>\n","protected":false},"author":1,"featured_media":0,"comment_status":"closed","ping_status":"closed","sticky":false,"template":"elementor_header_footer","format":"standard","meta":{"footnotes":""},"categories":[1],"tags":[],"class_list":["post-515","post","type-post","status-publish","format-standard","hentry","category-allgemein","entry"],"yoast_head":"<!-- This site is optimized with the Yoast SEO plugin v27.5 - https:\/\/yoast.com\/product\/yoast-seo-wordpress\/ -->\n<title>Zur Rechtslage - Impfstreik<\/title>\n<meta name=\"robots\" content=\"index, follow, max-snippet:-1, max-image-preview:large, max-video-preview:-1\" \/>\n<link rel=\"canonical\" href=\"https:\/\/impfstreik.compact-online.de\/?p=515\" \/>\n<meta property=\"og:locale\" content=\"de_DE\" \/>\n<meta property=\"og:type\" content=\"article\" \/>\n<meta property=\"og:title\" content=\"Zur Rechtslage - Impfstreik\" \/>\n<meta property=\"og:description\" content=\"Zur Rechtslage Ein Impf-Streik w\u00e4re, \u00e4hnlich wie ein Generalstreik, ein politischer Streik. Dazu stellten die Wissenschaftlichen Dienste des Deutschen Bundestages 2006 fest: \u00abGrunds\u00e4tzlich ist der Streik zur Durchsetzung politischer Ziele (insbesondere, wenn er gegen gesetzgebende K\u00f6rperschaften gerichtet ist) nach herrschender Meinung unzul\u00e4ssig. Ein rechtlicher Schutz kann sich (\u2026) allenfalls als Aus\u00fcbung des Widerstandsrechts unter den&hellip; Zur Rechtslage weiterlesen\" \/>\n<meta property=\"og:url\" content=\"https:\/\/impfstreik.compact-online.de\/?p=515\" \/>\n<meta property=\"og:site_name\" content=\"Impfstreik\" \/>\n<meta property=\"article:published_time\" content=\"2021-12-09T15:19:48+00:00\" \/>\n<meta property=\"article:modified_time\" content=\"2021-12-10T14:09:40+00:00\" \/>\n<meta property=\"og:image\" content=\"https:\/\/impfstreik.compact-online.de\/wp-content\/uploads\/2021\/12\/logo_impfstreik2-1024x461.png\" \/>\n<meta name=\"author\" content=\"s.koch\" \/>\n<meta name=\"twitter:card\" content=\"summary_large_image\" \/>\n<meta name=\"twitter:label1\" content=\"Verfasst von\" \/>\n\t<meta name=\"twitter:data1\" content=\"s.koch\" \/>\n\t<meta name=\"twitter:label2\" content=\"Gesch\u00e4tzte Lesezeit\" \/>\n\t<meta name=\"twitter:data2\" content=\"1\u00a0Minute\" \/>\n<script type=\"application\/ld+json\" class=\"yoast-schema-graph\">{\"@context\":\"https:\\\/\\\/schema.org\",\"@graph\":[{\"@type\":\"Article\",\"@id\":\"https:\\\/\\\/impfstreik.compact-online.de\\\/?p=515#article\",\"isPartOf\":{\"@id\":\"https:\\\/\\\/impfstreik.compact-online.de\\\/?p=515\"},\"author\":{\"name\":\"s.koch\",\"@id\":\"https:\\\/\\\/impfstreik.compact-online.de\\\/#\\\/schema\\\/person\\\/0cdb1ea61ecd8f73a4b980202acfd47f\"},\"headline\":\"Zur Rechtslage\",\"datePublished\":\"2021-12-09T15:19:48+00:00\",\"dateModified\":\"2021-12-10T14:09:40+00:00\",\"mainEntityOfPage\":{\"@id\":\"https:\\\/\\\/impfstreik.compact-online.de\\\/?p=515\"},\"wordCount\":281,\"image\":{\"@id\":\"https:\\\/\\\/impfstreik.compact-online.de\\\/?p=515#primaryimage\"},\"thumbnailUrl\":\"https:\\\/\\\/impfstreik.compact-online.de\\\/wp-content\\\/uploads\\\/2021\\\/12\\\/logo_impfstreik2-1024x461.png\",\"inLanguage\":\"de\"},{\"@type\":\"WebPage\",\"@id\":\"https:\\\/\\\/impfstreik.compact-online.de\\\/?p=515\",\"url\":\"https:\\\/\\\/impfstreik.compact-online.de\\\/?p=515\",\"name\":\"Zur Rechtslage - Impfstreik\",\"isPartOf\":{\"@id\":\"https:\\\/\\\/impfstreik.compact-online.de\\\/#website\"},\"primaryImageOfPage\":{\"@id\":\"https:\\\/\\\/impfstreik.compact-online.de\\\/?p=515#primaryimage\"},\"image\":{\"@id\":\"https:\\\/\\\/impfstreik.compact-online.de\\\/?p=515#primaryimage\"},\"thumbnailUrl\":\"https:\\\/\\\/impfstreik.compact-online.de\\\/wp-content\\\/uploads\\\/2021\\\/12\\\/logo_impfstreik2-1024x461.png\",\"datePublished\":\"2021-12-09T15:19:48+00:00\",\"dateModified\":\"2021-12-10T14:09:40+00:00\",\"author\":{\"@id\":\"https:\\\/\\\/impfstreik.compact-online.de\\\/#\\\/schema\\\/person\\\/0cdb1ea61ecd8f73a4b980202acfd47f\"},\"breadcrumb\":{\"@id\":\"https:\\\/\\\/impfstreik.compact-online.de\\\/?p=515#breadcrumb\"},\"inLanguage\":\"de\",\"potentialAction\":[{\"@type\":\"ReadAction\",\"target\":[\"https:\\\/\\\/impfstreik.compact-online.de\\\/?p=515\"]}]},{\"@type\":\"ImageObject\",\"inLanguage\":\"de\",\"@id\":\"https:\\\/\\\/impfstreik.compact-online.de\\\/?p=515#primaryimage\",\"url\":\"https:\\\/\\\/impfstreik.compact-online.de\\\/wp-content\\\/uploads\\\/2021\\\/12\\\/logo_impfstreik2.png\",\"contentUrl\":\"https:\\\/\\\/impfstreik.compact-online.de\\\/wp-content\\\/uploads\\\/2021\\\/12\\\/logo_impfstreik2.png\",\"width\":2000,\"height\":900},{\"@type\":\"BreadcrumbList\",\"@id\":\"https:\\\/\\\/impfstreik.compact-online.de\\\/?p=515#breadcrumb\",\"itemListElement\":[{\"@type\":\"ListItem\",\"position\":1,\"name\":\"Startseite\",\"item\":\"https:\\\/\\\/impfstreik.compact-online.de\\\/\"},{\"@type\":\"ListItem\",\"position\":2,\"name\":\"Zur Rechtslage\"}]},{\"@type\":\"WebSite\",\"@id\":\"https:\\\/\\\/impfstreik.compact-online.de\\\/#website\",\"url\":\"https:\\\/\\\/impfstreik.compact-online.de\\\/\",\"name\":\"Impfstreik\",\"description\":\"Nein zur Impfpflicht\",\"potentialAction\":[{\"@type\":\"SearchAction\",\"target\":{\"@type\":\"EntryPoint\",\"urlTemplate\":\"https:\\\/\\\/impfstreik.compact-online.de\\\/?s={search_term_string}\"},\"query-input\":{\"@type\":\"PropertyValueSpecification\",\"valueRequired\":true,\"valueName\":\"search_term_string\"}}],\"inLanguage\":\"de\"},{\"@type\":\"Person\",\"@id\":\"https:\\\/\\\/impfstreik.compact-online.de\\\/#\\\/schema\\\/person\\\/0cdb1ea61ecd8f73a4b980202acfd47f\",\"name\":\"s.koch\",\"image\":{\"@type\":\"ImageObject\",\"inLanguage\":\"de\",\"@id\":\"https:\\\/\\\/secure.gravatar.com\\\/avatar\\\/2c7c91c6c73ccadffefdb05ab64446e0b5dfa6c0cd52566f360f769e1f6e45a8?s=96&d=mm&r=g\",\"url\":\"https:\\\/\\\/secure.gravatar.com\\\/avatar\\\/2c7c91c6c73ccadffefdb05ab64446e0b5dfa6c0cd52566f360f769e1f6e45a8?s=96&d=mm&r=g\",\"contentUrl\":\"https:\\\/\\\/secure.gravatar.com\\\/avatar\\\/2c7c91c6c73ccadffefdb05ab64446e0b5dfa6c0cd52566f360f769e1f6e45a8?s=96&d=mm&r=g\",\"caption\":\"s.koch\"},\"sameAs\":[\"https:\\\/\\\/impfstreik.compact-online.de\"],\"url\":\"https:\\\/\\\/impfstreik.compact-online.de\\\/?author=1\"}]}<\/script>\n<!-- \/ Yoast SEO plugin. -->","yoast_head_json":{"title":"Zur Rechtslage - Impfstreik","robots":{"index":"index","follow":"follow","max-snippet":"max-snippet:-1","max-image-preview":"max-image-preview:large","max-video-preview":"max-video-preview:-1"},"canonical":"https:\/\/impfstreik.compact-online.de\/?p=515","og_locale":"de_DE","og_type":"article","og_title":"Zur Rechtslage - Impfstreik","og_description":"Zur Rechtslage Ein Impf-Streik w\u00e4re, \u00e4hnlich wie ein Generalstreik, ein politischer Streik. Dazu stellten die Wissenschaftlichen Dienste des Deutschen Bundestages 2006 fest: \u00abGrunds\u00e4tzlich ist der Streik zur Durchsetzung politischer Ziele (insbesondere, wenn er gegen gesetzgebende K\u00f6rperschaften gerichtet ist) nach herrschender Meinung unzul\u00e4ssig. Ein rechtlicher Schutz kann sich (\u2026) allenfalls als Aus\u00fcbung des Widerstandsrechts unter den&hellip; Zur Rechtslage weiterlesen","og_url":"https:\/\/impfstreik.compact-online.de\/?p=515","og_site_name":"Impfstreik","article_published_time":"2021-12-09T15:19:48+00:00","article_modified_time":"2021-12-10T14:09:40+00:00","og_image":[{"url":"https:\/\/impfstreik.compact-online.de\/wp-content\/uploads\/2021\/12\/logo_impfstreik2-1024x461.png","type":"","width":"","height":""}],"author":"s.koch","twitter_card":"summary_large_image","twitter_misc":{"Verfasst von":"s.koch","Gesch\u00e4tzte Lesezeit":"1\u00a0Minute"},"schema":{"@context":"https:\/\/schema.org","@graph":[{"@type":"Article","@id":"https:\/\/impfstreik.compact-online.de\/?p=515#article","isPartOf":{"@id":"https:\/\/impfstreik.compact-online.de\/?p=515"},"author":{"name":"s.koch","@id":"https:\/\/impfstreik.compact-online.de\/#\/schema\/person\/0cdb1ea61ecd8f73a4b980202acfd47f"},"headline":"Zur Rechtslage","datePublished":"2021-12-09T15:19:48+00:00","dateModified":"2021-12-10T14:09:40+00:00","mainEntityOfPage":{"@id":"https:\/\/impfstreik.compact-online.de\/?p=515"},"wordCount":281,"image":{"@id":"https:\/\/impfstreik.compact-online.de\/?p=515#primaryimage"},"thumbnailUrl":"https:\/\/impfstreik.compact-online.de\/wp-content\/uploads\/2021\/12\/logo_impfstreik2-1024x461.png","inLanguage":"de"},{"@type":"WebPage","@id":"https:\/\/impfstreik.compact-online.de\/?p=515","url":"https:\/\/impfstreik.compact-online.de\/?p=515","name":"Zur Rechtslage - Impfstreik","isPartOf":{"@id":"https:\/\/impfstreik.compact-online.de\/#website"},"primaryImageOfPage":{"@id":"https:\/\/impfstreik.compact-online.de\/?p=515#primaryimage"},"image":{"@id":"https:\/\/impfstreik.compact-online.de\/?p=515#primaryimage"},"thumbnailUrl":"https:\/\/impfstreik.compact-online.de\/wp-content\/uploads\/2021\/12\/logo_impfstreik2-1024x461.png","datePublished":"2021-12-09T15:19:48+00:00","dateModified":"2021-12-10T14:09:40+00:00","author":{"@id":"https:\/\/impfstreik.compact-online.de\/#\/schema\/person\/0cdb1ea61ecd8f73a4b980202acfd47f"},"breadcrumb":{"@id":"https:\/\/impfstreik.compact-online.de\/?p=515#breadcrumb"},"inLanguage":"de","potentialAction":[{"@type":"ReadAction","target":["https:\/\/impfstreik.compact-online.de\/?p=515"]}]},{"@type":"ImageObject","inLanguage":"de","@id":"https:\/\/impfstreik.compact-online.de\/?p=515#primaryimage","url":"https:\/\/impfstreik.compact-online.de\/wp-content\/uploads\/2021\/12\/logo_impfstreik2.png","contentUrl":"https:\/\/impfstreik.compact-online.de\/wp-content\/uploads\/2021\/12\/logo_impfstreik2.png","width":2000,"height":900},{"@type":"BreadcrumbList","@id":"https:\/\/impfstreik.compact-online.de\/?p=515#breadcrumb","itemListElement":[{"@type":"ListItem","position":1,"name":"Startseite","item":"https:\/\/impfstreik.compact-online.de\/"},{"@type":"ListItem","position":2,"name":"Zur Rechtslage"}]},{"@type":"WebSite","@id":"https:\/\/impfstreik.compact-online.de\/#website","url":"https:\/\/impfstreik.compact-online.de\/","name":"Impfstreik","description":"Nein zur Impfpflicht","potentialAction":[{"@type":"SearchAction","target":{"@type":"EntryPoint","urlTemplate":"https:\/\/impfstreik.compact-online.de\/?s={search_term_string}"},"query-input":{"@type":"PropertyValueSpecification","valueRequired":true,"valueName":"search_term_string"}}],"inLanguage":"de"},{"@type":"Person","@id":"https:\/\/impfstreik.compact-online.de\/#\/schema\/person\/0cdb1ea61ecd8f73a4b980202acfd47f","name":"s.koch","image":{"@type":"ImageObject","inLanguage":"de","@id":"https:\/\/secure.gravatar.com\/avatar\/2c7c91c6c73ccadffefdb05ab64446e0b5dfa6c0cd52566f360f769e1f6e45a8?s=96&d=mm&r=g","url":"https:\/\/secure.gravatar.com\/avatar\/2c7c91c6c73ccadffefdb05ab64446e0b5dfa6c0cd52566f360f769e1f6e45a8?s=96&d=mm&r=g","contentUrl":"https:\/\/secure.gravatar.com\/avatar\/2c7c91c6c73ccadffefdb05ab64446e0b5dfa6c0cd52566f360f769e1f6e45a8?s=96&d=mm&r=g","caption":"s.koch"},"sameAs":["https:\/\/impfstreik.compact-online.de"],"url":"https:\/\/impfstreik.compact-online.de\/?author=1"}]}},"_links":{"self":[{"href":"https:\/\/impfstreik.compact-online.de\/index.php?rest_route=\/wp\/v2\/posts\/515","targetHints":{"allow":["GET"]}}],"collection":[{"href":"https:\/\/impfstreik.compact-online.de\/index.php?rest_route=\/wp\/v2\/posts"}],"about":[{"href":"https:\/\/impfstreik.compact-online.de\/index.php?rest_route=\/wp\/v2\/types\/post"}],"author":[{"embeddable":true,"href":"https:\/\/impfstreik.compact-online.de\/index.php?rest_route=\/wp\/v2\/users\/1"}],"replies":[{"embeddable":true,"href":"https:\/\/impfstreik.compact-online.de\/index.php?rest_route=%2Fwp%2Fv2%2Fcomments&post=515"}],"version-history":[{"count":17,"href":"https:\/\/impfstreik.compact-online.de\/index.php?rest_route=\/wp\/v2\/posts\/515\/revisions"}],"predecessor-version":[{"id":691,"href":"https:\/\/impfstreik.compact-online.de\/index.php?rest_route=\/wp\/v2\/posts\/515\/revisions\/691"}],"wp:attachment":[{"href":"https:\/\/impfstreik.compact-online.de\/index.php?rest_route=%2Fwp%2Fv2%2Fmedia&parent=515"}],"wp:term":[{"taxonomy":"category","embeddable":true,"href":"https:\/\/impfstreik.compact-online.de\/index.php?rest_route=%2Fwp%2Fv2%2Fcategories&post=515"},{"taxonomy":"post_tag","embeddable":true,"href":"https:\/\/impfstreik.compact-online.de\/index.php?rest_route=%2Fwp%2Fv2%2Ftags&post=515"}],"curies":[{"name":"wp","href":"https:\/\/api.w.org\/{rel}","templated":true}]}}